{"id":5765,"date":"2025-10-28T15:40:18","date_gmt":"2025-10-28T20:40:18","guid":{"rendered":"https:\/\/guerrerosantana.com.mx\/?p=5765"},"modified":"2025-11-13T19:17:48","modified_gmt":"2025-11-14T00:17:48","slug":"cumple-con-el-sat-incluye-la-cuenta-predial-en-tus-cfdi-de-arrendamiento","status":"publish","type":"post","link":"https:\/\/guerrerosantana.com.mx\/es\/cumple-con-el-sat-incluye-la-cuenta-predial-en-tus-cfdi-de-arrendamiento\/","title":{"rendered":"Cumple con el SAT: incluye la cuenta predial en tus CFDI de arrendamiento"},"content":{"rendered":"<p data-start=\"343\" data-end=\"643\">El <strong data-start=\"346\" data-end=\"393\">Servicio de Administraci\u00f3n Tributaria (SAT)<\/strong> ha reiterado la importancia de que los <strong data-start=\"433\" data-end=\"458\">CFDI de arrendamiento<\/strong> incluyan el <strong data-start=\"471\" data-end=\"499\">n\u00famero de cuenta predial<\/strong>. Este dato no solo es obligatorio, sino tambi\u00e9n clave para garantizar la <strong data-start=\"573\" data-end=\"597\">deducibilidad fiscal<\/strong> y evitar sanciones o revisiones electr\u00f3nicas.<\/p>\n<p>&nbsp;<\/p>\n<h4 data-start=\"650\" data-end=\"673\">Fundamento legal<\/h4>\n<p data-start=\"675\" data-end=\"745\">La obligaci\u00f3n se encuentra prevista en los siguientes ordenamientos:<\/p>\n<ul data-start=\"747\" data-end=\"910\">\n<li data-start=\"747\" data-end=\"830\">\n<p data-start=\"749\" data-end=\"830\"><strong data-start=\"749\" data-end=\"789\">C\u00f3digo Fiscal de la Federaci\u00f3n (CFF)<\/strong>, art\u00edculo 29-A, fracci\u00f3n V, inciso c).<\/p>\n<\/li>\n<li data-start=\"831\" data-end=\"910\">\n<p data-start=\"833\" data-end=\"910\"><strong data-start=\"833\" data-end=\"893\">Reglamento de la Ley del Impuesto sobre la Renta (RLISR)<\/strong>, art\u00edculo 199.<\/p>\n<\/li>\n<\/ul>\n<p data-start=\"912\" data-end=\"1141\">Ambos establecen que los comprobantes fiscales por arrendamiento de inmuebles deben contener el <strong data-start=\"1008\" data-end=\"1036\">n\u00famero de cuenta predial<\/strong>, o bien, los datos del <strong data-start=\"1060\" data-end=\"1120\">certificado de participaci\u00f3n inmobiliaria no amortizable<\/strong>, en caso de aplicar.<\/p>\n<p>&nbsp;<\/p>\n<h4 data-start=\"650\" data-end=\"673\"><\/h4>\n<h4 data-start=\"1148\" data-end=\"1180\">\u00bfQui\u00e9nes est\u00e1n obligados?<\/h4>\n<p data-start=\"1182\" data-end=\"1314\">Este requisito aplica para <strong data-start=\"1209\" data-end=\"1239\">personas f\u00edsicas y morales<\/strong> que obtienen ingresos por arrendamiento de bienes inmuebles, tales como:<\/p>\n<ul data-start=\"1316\" data-end=\"1411\">\n<li data-start=\"1316\" data-end=\"1336\">\n<p data-start=\"1318\" data-end=\"1336\">Casas habitaci\u00f3n<\/p>\n<\/li>\n<li data-start=\"1337\" data-end=\"1371\">\n<p data-start=\"1339\" data-end=\"1371\">Oficinas y locales comerciales<\/p>\n<\/li>\n<li data-start=\"1372\" data-end=\"1411\">\n<p data-start=\"1374\" data-end=\"1411\">Bodegas, terrenos u otros inmuebles<\/p>\n<\/li>\n<\/ul>\n<p data-start=\"1413\" data-end=\"1470\">Incluye a contribuyentes bajo los siguientes reg\u00edmenes:<\/p>\n<ul data-start=\"1471\" data-end=\"1624\">\n<li data-start=\"1471\" data-end=\"1511\">\n<p data-start=\"1473\" data-end=\"1511\"><strong data-start=\"1473\" data-end=\"1509\">R\u00e9gimen General de Arrendamiento<\/strong><\/p>\n<\/li>\n<li data-start=\"1512\" data-end=\"1562\">\n<p data-start=\"1514\" data-end=\"1562\"><strong data-start=\"1514\" data-end=\"1560\">R\u00e9gimen Simplificado de Confianza (RESICO)<\/strong><\/p>\n<\/li>\n<li data-start=\"1563\" data-end=\"1624\">\n<p data-start=\"1565\" data-end=\"1624\"><strong data-start=\"1565\" data-end=\"1581\">Fideicomisos<\/strong> con ingresos derivados del arrendamiento<\/p>\n<\/li>\n<\/ul>\n<p data-start=\"1626\" data-end=\"1801\">&#x1f4cc; El <strong data-start=\"1632\" data-end=\"1640\">CFDI<\/strong> debe emitirse con el c\u00f3digo de producto o servicio <strong data-start=\"1692\" data-end=\"1740\">80131500 \u2013 Arrendamiento de bienes inmuebles<\/strong>, y el dato se debe registrar en el nodo <strong data-start=\"1781\" data-end=\"1800\">\u201cCuentaPredial\u201d<\/strong>.<\/p>\n<p>&nbsp;<\/p>\n<h4 data-start=\"650\" data-end=\"673\"><\/h4>\n<h4 data-start=\"1808\" data-end=\"1842\">&#x26a0;&#xfe0f; Consecuencias de no cumplir<\/h4>\n<p data-start=\"1844\" data-end=\"1945\">Emitir un CFDI de arrendamiento sin incluir la cuenta predial puede generar diversas implicaciones:<\/p>\n<ul data-start=\"1947\" data-end=\"2236\">\n<li data-start=\"1947\" data-end=\"2020\">\n<p data-start=\"1949\" data-end=\"2020\"><strong data-start=\"1949\" data-end=\"1975\">Multas administrativas<\/strong>, conforme a los art\u00edculos 83 y 84 del CFF.<\/p>\n<\/li>\n<li data-start=\"2021\" data-end=\"2077\">\n<p data-start=\"2023\" data-end=\"2077\"><strong data-start=\"2023\" data-end=\"2043\">No deducibilidad<\/strong> del gasto para el arrendatario.<\/p>\n<\/li>\n<li data-start=\"2078\" data-end=\"2153\">\n<p data-start=\"2080\" data-end=\"2153\"><strong data-start=\"2080\" data-end=\"2109\">Invalidez fiscal del CFDI<\/strong>, susceptible de ser rechazado por el SAT.<\/p>\n<\/li>\n<li data-start=\"2154\" data-end=\"2236\">\n<p data-start=\"2156\" data-end=\"2236\"><strong data-start=\"2156\" data-end=\"2203\">Cartas invitaci\u00f3n o auditor\u00edas electr\u00f3nicas<\/strong> para regularizar comprobantes.<\/p>\n<\/li>\n<\/ul>\n<h4 data-start=\"2243\" data-end=\"2283\">&#x2705; Buenas pr\u00e1cticas y recomendaciones<\/h4>\n<p data-start=\"2285\" data-end=\"2368\">Para cumplir correctamente con esta obligaci\u00f3n y evitar sanciones, se recomienda:<\/p>\n<ol data-start=\"2370\" data-end=\"2762\">\n<li data-start=\"2370\" data-end=\"2462\">\n<p data-start=\"2373\" data-end=\"2462\"><strong data-start=\"2373\" data-end=\"2386\">Verificar<\/strong> que todos los CFDI de arrendamiento incluyan el n\u00famero de cuenta predial.<\/p>\n<\/li>\n<li data-start=\"2463\" data-end=\"2556\">\n<p data-start=\"2466\" data-end=\"2556\"><strong data-start=\"2466\" data-end=\"2481\">Regularizar<\/strong> los comprobantes que carezcan del dato, cancel\u00e1ndolos y reexpidi\u00e9ndolos.<\/p>\n<\/li>\n<li data-start=\"2557\" data-end=\"2651\">\n<p data-start=\"2560\" data-end=\"2651\"><strong data-start=\"2560\" data-end=\"2584\">Mantener actualizado<\/strong> el recibo del impuesto predial con el n\u00famero de cuenta correcto.<\/p>\n<\/li>\n<li data-start=\"2652\" data-end=\"2762\">\n<p data-start=\"2655\" data-end=\"2762\"><strong data-start=\"2655\" data-end=\"2668\">Capacitar<\/strong> al personal encargado de facturaci\u00f3n para incorporar correctamente el nodo \u201cCuentaPredial\u201d.<\/p>\n<\/li>\n<\/ol>\n<p>&nbsp;<\/p>\n<h4 data-start=\"650\" data-end=\"673\"><\/h4>\n<h4 data-start=\"2769\" data-end=\"2786\">Conclusi\u00f3n<\/h4>\n<p data-start=\"2788\" data-end=\"2956\">Cumplir con este requisito no solo evita multas, sino que tambi\u00e9n garantiza la <strong data-start=\"2867\" data-end=\"2891\">deducibilidad fiscal<\/strong> de las operaciones y refuerza el cumplimiento ante el <strong data-start=\"2946\" data-end=\"2953\">SAT<\/strong>.<\/p>\n<p data-start=\"2958\" data-end=\"3144\">En <strong data-start=\"2961\" data-end=\"2989\">Guerrero y Santana, S.C.<\/strong>, contamos con especialistas que pueden ayudarte a <strong data-start=\"3040\" data-end=\"3074\">revisar y regularizar tus CFDI<\/strong>, asegurando que cumplan con todos los requisitos fiscales vigentes.<\/p>\n<p data-start=\"2958\" data-end=\"3144\"><img fetchpriority=\"high\" decoding=\"async\" class=\" wp-image-5836 alignleft\" src=\"https:\/\/ecjn54vsxmr.exactdn.com\/wp-content\/uploads\/2025\/10\/David-Quirarte-Esp-300x50.jpg?strip=all&lossy=1&resize=800%2C133&ssl=1\" alt=\"\" width=\"912\" height=\"152\" srcset=\"https:\/\/ecjn54vsxmr.exactdn.com\/wp-content\/uploads\/2025\/10\/David-Quirarte-Esp-300x50.jpg?strip=all&lossy=1&resize=800%2C133&ssl=1 800w, https:\/\/ecjn54vsxmr.exactdn.com\/wp-content\/uploads\/2025\/10\/David-Quirarte-Esp-300x50.jpg?strip=all&amp;lossy=1&amp;ssl=1 300w, https:\/\/ecjn54vsxmr.exactdn.com\/wp-content\/uploads\/2025\/10\/David-Quirarte-Esp-1024x172.jpg?strip=all&amp;lossy=1&amp;ssl=1 1024w, https:\/\/ecjn54vsxmr.exactdn.com\/wp-content\/uploads\/2025\/10\/David-Quirarte-Esp-768x129.jpg?strip=all&amp;lossy=1&amp;ssl=1 768w, https:\/\/ecjn54vsxmr.exactdn.com\/wp-content\/uploads\/2025\/10\/David-Quirarte-Esp-1536x258.jpg?strip=all&amp;lossy=1&amp;ssl=1 1536w, https:\/\/ecjn54vsxmr.exactdn.com\/wp-content\/uploads\/2025\/10\/David-Quirarte-Esp.jpg?strip=all&amp;lossy=1&amp;ssl=1 1920w, https:\/\/ecjn54vsxmr.exactdn.com\/wp-content\/uploads\/2025\/10\/David-Quirarte-Esp.jpg?strip=all&amp;lossy=1&amp;w=160&amp;ssl=1 160w, https:\/\/ecjn54vsxmr.exactdn.com\/wp-content\/uploads\/2025\/10\/David-Quirarte-Esp.jpg?strip=all&amp;lossy=1&amp;w=480&amp;ssl=1 480w, https:\/\/ecjn54vsxmr.exactdn.com\/wp-content\/uploads\/2025\/10\/David-Quirarte-Esp.jpg?strip=all&amp;lossy=1&amp;w=640&amp;ssl=1 640w, https:\/\/ecjn54vsxmr.exactdn.com\/wp-content\/uploads\/2025\/10\/David-Quirarte-Esp.jpg?strip=all&amp;lossy=1&amp;w=1600&amp;ssl=1 1600w\" sizes=\"(max-width: 800px) 100vw, 800px\" \/><\/p>\n","protected":false},"excerpt":{"rendered":"<p>El Servicio de Administraci\u00f3n Tributaria (SAT) ha reiterado la importancia de que los CFDI de arrendamiento incluyan el n\u00famero de cuenta predial. Este dato no solo es obligatorio, sino tambi\u00e9n clave para garantizar la deducibilidad fiscal y evitar sanciones o revisiones electr\u00f3nicas. &nbsp; Fundamento legal La obligaci\u00f3n se encuentra prevista en los siguientes ordenamientos: C\u00f3digo [&hellip;]<\/p>\n","protected":false},"author":3,"featured_media":5774,"comment_status":"closed","ping_status":"closed","sticky":false,"template":"","format":"standard","meta":{"_seopress_robots_primary_cat":"none","_seopress_titles_title":"Cumple con el SAT: incluye la cuenta predial en tus CFDI de arrendamiento","_seopress_titles_desc":"Descubre por qu\u00e9 el SAT exige incluir la cuenta predial en CFDI de arrendamiento y c\u00f3mo cumplir correctamente con este requisito fiscal.","_seopress_robots_index":"","footnotes":""},"categories":[71,5],"tags":[],"class_list":["post-5765","post","type-post","status-publish","format-standard","has-post-thumbnail","hentry","category-all-posts-es","category-articulos"],"_links":{"self":[{"href":"https:\/\/guerrerosantana.com.mx\/es\/wp-json\/wp\/v2\/posts\/5765","targetHints":{"allow":["GET"]}}],"collection":[{"href":"https:\/\/guerrerosantana.com.mx\/es\/wp-json\/wp\/v2\/posts"}],"about":[{"href":"https:\/\/guerrerosantana.com.mx\/es\/wp-json\/wp\/v2\/types\/post"}],"author":[{"embeddable":true,"href":"https:\/\/guerrerosantana.com.mx\/es\/wp-json\/wp\/v2\/users\/3"}],"replies":[{"embeddable":true,"href":"https:\/\/guerrerosantana.com.mx\/es\/wp-json\/wp\/v2\/comments?post=5765"}],"version-history":[{"count":11,"href":"https:\/\/guerrerosantana.com.mx\/es\/wp-json\/wp\/v2\/posts\/5765\/revisions"}],"predecessor-version":[{"id":6129,"href":"https:\/\/guerrerosantana.com.mx\/es\/wp-json\/wp\/v2\/posts\/5765\/revisions\/6129"}],"wp:featuredmedia":[{"embeddable":true,"href":"https:\/\/guerrerosantana.com.mx\/es\/wp-json\/wp\/v2\/media\/5774"}],"wp:attachment":[{"href":"https:\/\/guerrerosantana.com.mx\/es\/wp-json\/wp\/v2\/media?parent=5765"}],"wp:term":[{"taxonomy":"category","embeddable":true,"href":"https:\/\/guerrerosantana.com.mx\/es\/wp-json\/wp\/v2\/categories?post=5765"},{"taxonomy":"post_tag","embeddable":true,"href":"https:\/\/guerrerosantana.com.mx\/es\/wp-json\/wp\/v2\/tags?post=5765"}],"curies":[{"name":"wp","href":"https:\/\/api.w.org\/{rel}","templated":true}]}}